{"entity":{"iso2":null,"iso3":null,"name":"Alf\u00f6ld \u00e9s \u00c9szak","slug":"alfold-es-eszak"},"indicator":{"licence":"CC BY 4.0 (Eurostat)","slug":"stock-of-electric-vehicles-by-category-and-nuts-2-region","source":"Eurostat","source_url":"https://ec.europa.eu/eurostat/databrowser/view/tran_r_elvehst","title":"Stock of electric vehicles by category and NUTS 2 region","unit":"Number"},"observations":[{"date":"2018-01-01","value":62.0},{"date":"2019-01-01","value":79.0},{"date":"2020-01-01","value":127.0},{"date":"2021-01-01","value":233.0},{"date":"2022-01-01","value":416.0},{"date":"2023-01-01","value":638.0},{"date":"2024-01-01","value":1047.0}],"summary":{"latest_period":"2024-01-01","latest_value":1047.0,"max":1047.0,"mean":371.714,"min":62.0,"of":293,"rank":113,"trend":"volatile"}}
