{"entity":{"iso2":null,"iso3":null,"name":"\u015eanl\u0131urfa, Diyarbak\u0131r","slug":"sanl-urfa-diyarbak-r"},"indicator":{"licence":"CC BY 4.0 (Eurostat)","slug":"long-term-care-beds-in-nursing-and-residential-care-facilities-by-nuts-2-region","source":"Eurostat","source_url":"https://ec.europa.eu/eurostat/databrowser/view/hlth_rs_bdsns","title":"Long-term care beds in nursing and residential care facilities by NUTS 2 region - historical data (1980-2021)","unit":"Number"},"observations":[{"date":"2011-01-01","value":452.0},{"date":"2012-01-01","value":488.0},{"date":"2013-01-01","value":513.0},{"date":"2014-01-01","value":528.0},{"date":"2015-01-01","value":562.0},{"date":"2016-01-01","value":682.0}],"summary":{"latest_period":"2016-01-01","latest_value":682.0,"max":682.0,"mean":537.5,"min":452.0,"of":177,"rank":155,"trend":"rising"}}
