{"entity":{"iso2":null,"iso3":null,"name":"A\u011fr\u0131, Kars, I\u011fd\u0131r, Ardahan","slug":"agr-kars-igd-r-ardahan"},"indicator":{"licence":"CC BY 4.0 (Eurostat)","slug":"long-term-care-beds-in-nursing-and-residential-care-facilities-by-nuts-2-region","source":"Eurostat","source_url":"https://ec.europa.eu/eurostat/databrowser/view/hlth_rs_bdsns","title":"Long-term care beds in nursing and residential care facilities by NUTS 2 region - historical data (1980-2021)","unit":"Number"},"observations":[{"date":"2011-01-01","value":476.0},{"date":"2012-01-01","value":514.0},{"date":"2013-01-01","value":540.0},{"date":"2014-01-01","value":557.0},{"date":"2015-01-01","value":592.0},{"date":"2016-01-01","value":607.0}],"summary":{"latest_period":"2016-01-01","latest_value":607.0,"max":607.0,"mean":547.667,"min":476.0,"of":177,"rank":158,"trend":"rising"}}
