{"entity":{"iso2":null,"iso3":null,"name":"Regi\u00e3o Aut\u00f3noma dos A\u00e7ores","slug":"regiao-autonoma-dos-acores"},"indicator":{"licence":"CC BY 4.0 (Eurostat)","slug":"guest-nights-spent-at-short-stay-accommodation-offered-via-collaborative-economy","source":"Eurostat","source_url":"https://ec.europa.eu/eurostat/databrowser/view/tour_ce_oan3","title":"Guest nights spent at short-stay accommodation offered via collaborative economy platforms by NUTS 3 region - experimental statistics","unit":"Number"},"observations":[{"date":"2018-01-01","value":811049.0},{"date":"2019-01-01","value":949019.0},{"date":"2020-01-01","value":267505.0},{"date":"2021-01-01","value":596820.0},{"date":"2022-01-01","value":1070160.0},{"date":"2023-01-01","value":1370020.0},{"date":"2024-01-01","value":1736990.0},{"date":"2025-01-01","value":2025730.0}],"summary":{"latest_period":"2025-01-01","latest_value":2025730.0,"max":2025730.0,"mean":1103410.0,"min":267505.0,"of":1200,"rank":126,"trend":"rising"}}
