{"entity":{"iso2":null,"iso3":null,"name":"Regi\u00e3o Aut\u00f3noma dos A\u00e7ores","slug":"regiao-autonoma-dos-acores"},"indicator":{"licence":"CC BY 4.0 (Eurostat)","slug":"air-transport-of-passengers-by-nuts-2-region","source":"Eurostat","source_url":"https://ec.europa.eu/eurostat/databrowser/view/tran_r_avpa_nm","title":"Air transport of passengers by NUTS 2 region","unit":"Thousand passengers"},"observations":[{"date":"1993-01-01","value":61.0},{"date":"1994-01-01","value":489.0},{"date":"1995-01-01","value":523.0},{"date":"1996-01-01","value":535.0},{"date":"1997-01-01","value":551.0},{"date":"1998-01-01","value":609.0},{"date":"1999-01-01","value":718.0},{"date":"2000-01-01","value":793.0},{"date":"2001-01-01","value":868.0},{"date":"2002-01-01","value":901.0},{"date":"2003-01-01","value":907.0},{"date":"2004-01-01","value":892.0},{"date":"2005-01-01","value":1340.0},{"date":"2006-01-01","value":1319.0},{"date":"2007-01-01","value":1445.0},{"date":"2008-01-01","value":1424.0},{"date":"2009-01-01","value":1370.0},{"date":"2010-01-01","value":1350.62},{"date":"2011-01-01","value":1113.87},{"date":"2012-01-01","value":1219.94},{"date":"2013-01-01","value":1314.91},{"date":"2014-01-01","value":1226.91},{"date":"2015-01-01","value":1636.91},{"date":"2016-01-01","value":2017.88},{"date":"2017-01-01","value":2453.88},{"date":"2018-01-01","value":2515.83},{"date":"2019-01-01","value":2835.44},{"date":"2020-01-01","value":1001.1},{"date":"2021-01-01","value":1673.54},{"date":"2022-01-01","value":2742.61},{"date":"2023-01-01","value":3191.01},{"date":"2024-01-01","value":3639.04}],"summary":{"latest_period":"2024-01-01","latest_value":3639.04,"max":3639.04,"mean":1396.2,"min":61.0,"of":317,"rank":155,"trend":"volatile"}}
